{"id":1193,"date":"2020-04-21T08:03:12","date_gmt":"2020-04-21T06:03:12","guid":{"rendered":"http:\/\/www.jana-zaehl.de\/?p=1193"},"modified":"2020-04-27T09:23:21","modified_gmt":"2020-04-27T07:23:21","slug":"einfache-anleitung-fuer-bmns-mit-drahttunnelfach-filterfach-in-verschiedenen-groessen","status":"publish","type":"post","link":"https:\/\/www.jana-zaehl.de\/?p=1193","title":{"rendered":"Einfache N\u00e4hanleitung f\u00fcr eine Behelfs-Mund-Nasen-Schutz (BMNS) mit Drahttunnelfach &#038; Filterfach in verschiedenen Gr\u00f6\u00dfen"},"content":{"rendered":"<p>Wenn du ein bisschen n\u00e4hen kannst, dann lass die medizinischen Masken denen, die sie wirklich brauchen und n\u00e4h dir deine eigene Falten-BMNS!<br \/>\nDazu brauchst du nicht viel au\u00dfer einer N\u00e4hmaschine, B\u00fcgeleisen, Stoffrest und ein wenig Geschick. Selbst gen\u00e4hte Masken sehen nat\u00fcrlich auch viel freundlicher aus und lassen sich auch stylisch gestalten.\u00a0 Wie w\u00e4re es zum Beispiel mit einer Botschaft am Mund?<\/p>\n<p><strong>Aber bevor\u00a0du loslegst, ein wichtiger HInweis:<br \/>\n<\/strong><span style=\"font-size: medium;\"><strong><span style=\"font-family: Arial, sans-serif;\">Die Herstellung sowie Benutzung der selbst gen\u00e4hten Behelfs-Mund-Nasen-Schutz (BMNS) erfolgt auf eigene Verantwortung. BMNS sch\u00fctzen nicht vor Ansteckung, das A und O bleibt weiterhin Hygiene sowie Abstand halten!<\/span><\/strong><\/span><\/p>\n<p><span style=\"font-family: Arial, sans-serif;\"><span style=\"font-size: medium;\"><b>Wichtiger Hinweis zur Stoffwahl:<br \/>\n<\/b><\/span><\/span><span style=\"font-family: Arial, sans-serif;\"><span style=\"font-size: medium;\">&#8211; er muss kochfest und m\u00f6glichst fein &amp; dicht gewebt sein wie z.B. Baumwollstoff<br \/>\n&#8211; durch den doppelt gelegten Stoff musst du ohne gr\u00f6\u00dferen Atemwiderstand atmen k\u00f6nnen<\/span><\/span><br \/>\n&#8211; N\u00e4h dir direkt mehrere, da du deine Maske oft reinigen solltest<\/p>\n<hr \/>\n<p><span style=\"font-family: Arial, sans-serif;\"><span style=\"font-size: medium;\"><b>Du brauchst:<br \/>\n<\/b><\/span><\/span><span style=\"font-family: Arial, sans-serif;\"><span style=\"font-size: medium;\">&#8211; Stoff 25 x 35 cm (gewaschen und geb\u00fcgelt)<br \/>\n&#8211; Pappe oder\u00a0\u00e4hnliches f\u00fcr das Schnittmuster<br \/>\n<\/span><\/span><span style=\"font-family: Arial, sans-serif;\"><span style=\"font-size: medium;\">&#8211; Schere oder Rollschneider und Schneidematte<br \/>\n<\/span><\/span><span style=\"font-family: Arial, sans-serif;\"><span style=\"font-size: medium;\">&#8211; B\u00fcgeleisen<br \/>\n<\/span><\/span><span style=\"font-family: Arial, sans-serif;\"><span style=\"font-size: medium;\">&#8211; N\u00e4hmaschine und Garn<br \/>\n&#8211; Stecknadeln<br \/>\n<\/span><\/span><span style=\"font-family: Arial, sans-serif;\"><span style=\"font-size: medium;\">&#8211; Kordel (ca 110 cm weich\u00a0&amp; nicht zu dick) oder Gummiband (ca\u00a050 cm)<br \/>\n<\/span><\/span><span style=\"font-family: Arial, sans-serif;\"><span style=\"font-size: medium;\">&#8211; etwas zum einf\u00e4deln\u00a0f\u00fcr Kordel \/ Gummiband<br \/>\n<\/span><\/span><span style=\"font-family: Arial, sans-serif;\"><span style=\"font-size: medium;\">&#8211; optional Draht<br \/>\n<\/span><\/span><span style=\"font-family: Arial, sans-serif;\"><span style=\"font-size: medium;\">&#8211; optional Filter<br \/>\n&#8211; optional Stofffarbe zum versch\u00f6nern<\/span><\/span><\/p>\n<p><strong>Schnittmuster:<\/strong><\/p>\n<p><img loading=\"lazy\" decoding=\"async\" class=\"alignnone wp-image-1150 size-large\" src=\"https:\/\/www.jana-zaehl.de\/wp-content\/uploads\/2020\/04\/IMG_20200415_114854-768x1024.jpg\" alt=\"\" width=\"525\" height=\"700\" srcset=\"https:\/\/www.jana-zaehl.de\/wp-content\/uploads\/2020\/04\/IMG_20200415_114854-768x1024.jpg 768w, https:\/\/www.jana-zaehl.de\/wp-content\/uploads\/2020\/04\/IMG_20200415_114854-225x300.jpg 225w, https:\/\/www.jana-zaehl.de\/wp-content\/uploads\/2020\/04\/IMG_20200415_114854-350x467.jpg 350w\" sizes=\"(max-width: 525px) 100vw, 525px\" \/><\/p>\n<p>Das obige Schnittmuster zeigt eine normale Gr\u00f6\u00dfe M: 23 x 18 oben, 17 x 16 unten (BxH).<\/p>\n<p>Das Schnittmuster besteht einfach aus zwei Rechtecken wobei das obere immer 6 cm breiter und 2 cm h\u00f6her ist als das untere Rechteck.<br \/>\nUm den Schnitt zu verkleinern oder zu vergr\u00f6\u00dfern musst du\u00a0einfach die\u00a0H\u00f6hen oder die\u00a0Breiten der beiden Rechtecke im gleichen\u00a0Verh\u00e4ltnis\u00a0vergr\u00f6\u00dfern oder verringern.<br \/>\n<strong>Beispiele f\u00fcr andere Gr\u00f6\u00dfen:<\/strong><br \/>\nXS: 21 x 17 und 15 x 15<br \/>\nS\u00a0 : 22 x 18 und 16 x 16<br \/>\nL :\u00a0 24 x 19 und 18 x 17<br \/>\nM (mit breiteren Draht) : 23 x 19 und 17 x 17 cm<\/p>\n<hr \/>\n<p><strong>Und nun geht es auch schon los:<\/strong><\/p>\n<p><span style=\"font-family: Arial, sans-serif;\"><span style=\"font-size: medium;\"><b>1. Schritt:<br \/>\n<\/b><\/span><\/span><span style=\"font-family: Arial, sans-serif;\"><span style=\"font-size: medium;\">Erstelle eine Schablone vom Schnittmuster auf Pappe oder \u00e4hnlichem<\/span><\/span><\/p>\n<p><span style=\"font-family: Arial, sans-serif;\"><span style=\"font-size: medium;\"><b>2. Schritt:<br \/>\n<\/b><\/span><\/span><span style=\"font-family: Arial, sans-serif;\"><span style=\"font-size: medium;\">\u00dcbertrage das Schnittmuster auf den gewaschenen und geb\u00fcgelten Stoff\u00a0ohne zus\u00e4tzliche Nahtzugabe:<\/span><\/span><\/p>\n<p><img loading=\"lazy\" decoding=\"async\" class=\"alignnone wp-image-1151 size-large\" src=\"https:\/\/www.jana-zaehl.de\/wp-content\/uploads\/2020\/04\/IMG_20200415_114908-768x1024.jpg\" alt=\"\" width=\"525\" height=\"700\" srcset=\"https:\/\/www.jana-zaehl.de\/wp-content\/uploads\/2020\/04\/IMG_20200415_114908-768x1024.jpg 768w, https:\/\/www.jana-zaehl.de\/wp-content\/uploads\/2020\/04\/IMG_20200415_114908-225x300.jpg 225w, https:\/\/www.jana-zaehl.de\/wp-content\/uploads\/2020\/04\/IMG_20200415_114908-350x467.jpg 350w\" sizes=\"(max-width: 525px) 100vw, 525px\" \/><\/p>\n<p><span style=\"font-family: Arial, sans-serif;\"><span style=\"font-size: medium;\"><b>3. Schritt:<br \/>\n<\/b><\/span><\/span><span style=\"font-family: Arial, sans-serif;\"><span style=\"font-size: medium;\">Vers\u00e4ubere die Kanten oben und unten mit Zickzack:<\/span><\/span><\/p>\n<p><img loading=\"lazy\" decoding=\"async\" class=\"alignnone wp-image-1158 size-large\" src=\"https:\/\/www.jana-zaehl.de\/wp-content\/uploads\/2020\/04\/IMG_20200415_115648k-768x1024.jpg\" alt=\"\" width=\"525\" height=\"700\" srcset=\"https:\/\/www.jana-zaehl.de\/wp-content\/uploads\/2020\/04\/IMG_20200415_115648k-768x1024.jpg 768w, https:\/\/www.jana-zaehl.de\/wp-content\/uploads\/2020\/04\/IMG_20200415_115648k-225x300.jpg 225w, https:\/\/www.jana-zaehl.de\/wp-content\/uploads\/2020\/04\/IMG_20200415_115648k-350x467.jpg 350w\" sizes=\"(max-width: 525px) 100vw, 525px\" \/><\/p>\n<p><span style=\"font-family: Arial, sans-serif;\"><span style=\"font-size: medium;\"><b>Schritt 4:<br \/>\n<\/b><\/span><\/span><span style=\"font-family: Arial, sans-serif;\"><span style=\"font-size: medium;\">Leg den Stoff mit der sch\u00f6nen Seite nach unten und schlag die Zickzack-Kanten jeweils\u00a0max 1 cm nach innen um und b\u00fcgele diese platt:<\/span><\/span><\/p>\n<p><img loading=\"lazy\" decoding=\"async\" class=\"alignnone wp-image-1153 size-large\" src=\"https:\/\/www.jana-zaehl.de\/wp-content\/uploads\/2020\/04\/IMG_20200415_120558-768x1024.jpg\" alt=\"\" width=\"525\" height=\"700\" srcset=\"https:\/\/www.jana-zaehl.de\/wp-content\/uploads\/2020\/04\/IMG_20200415_120558-768x1024.jpg 768w, https:\/\/www.jana-zaehl.de\/wp-content\/uploads\/2020\/04\/IMG_20200415_120558-225x300.jpg 225w, https:\/\/www.jana-zaehl.de\/wp-content\/uploads\/2020\/04\/IMG_20200415_120558-350x467.jpg 350w\" sizes=\"(max-width: 525px) 100vw, 525px\" \/><\/p>\n<p><span style=\"font-family: Arial, sans-serif;\"><span style=\"font-size: medium;\"><b>Schritt 5:<br \/>\n<\/b><\/span><\/span><span style=\"font-family: Arial, sans-serif;\"><span style=\"font-size: medium;\">N\u00e4h sie mit geradem Stich fest:<\/span><\/span><\/p>\n<p><img loading=\"lazy\" decoding=\"async\" class=\"alignnone wp-image-1154 size-large\" src=\"https:\/\/www.jana-zaehl.de\/wp-content\/uploads\/2020\/04\/IMG_20200415_120944-768x1024.jpg\" alt=\"\" width=\"525\" height=\"700\" srcset=\"https:\/\/www.jana-zaehl.de\/wp-content\/uploads\/2020\/04\/IMG_20200415_120944-768x1024.jpg 768w, https:\/\/www.jana-zaehl.de\/wp-content\/uploads\/2020\/04\/IMG_20200415_120944-225x300.jpg 225w, https:\/\/www.jana-zaehl.de\/wp-content\/uploads\/2020\/04\/IMG_20200415_120944-350x467.jpg 350w\" sizes=\"(max-width: 525px) 100vw, 525px\" \/><br \/>\nFalls du einen Schriftzug oder irgendetwas in H\u00f6he des Mundes mit Stoffmalfarbe kreieren m\u00f6chtest, ist jetzt der Zeitpunkt (Sonst gehe weiter zu Schritt 6). \u00dcberlege dir etwas max in der Gr\u00f6\u00dfe 4 x 8 cm. Drehe nun deine Maske um und lege das breitere Rechteck zu dir und leg mittig mit 4 cm Abstand nach unten los:<br \/>\n<img loading=\"lazy\" decoding=\"async\" class=\"alignnone wp-image-1262 size-large\" src=\"https:\/\/www.jana-zaehl.de\/wp-content\/uploads\/2020\/04\/Zottelmama-Mundschutz-Botschaft-BMNS-k-768x1024.jpg\" alt=\"\" width=\"525\" height=\"700\" srcset=\"https:\/\/www.jana-zaehl.de\/wp-content\/uploads\/2020\/04\/Zottelmama-Mundschutz-Botschaft-BMNS-k-768x1024.jpg 768w, https:\/\/www.jana-zaehl.de\/wp-content\/uploads\/2020\/04\/Zottelmama-Mundschutz-Botschaft-BMNS-k-225x300.jpg 225w, https:\/\/www.jana-zaehl.de\/wp-content\/uploads\/2020\/04\/Zottelmama-Mundschutz-Botschaft-BMNS-k-350x467.jpg 350w, https:\/\/www.jana-zaehl.de\/wp-content\/uploads\/2020\/04\/Zottelmama-Mundschutz-Botschaft-BMNS-k.jpg 1224w\" sizes=\"(max-width: 525px) 100vw, 525px\" \/><br \/>\nDanach musst den Stoff wieder zur\u00fcckdrehen.<\/p>\n<p><span style=\"font-family: Arial, sans-serif;\"><span style=\"font-size: medium;\"><b>Schritt 6:<br \/>\n<\/b><\/span><\/span><span style=\"font-family: Arial, sans-serif;\"><span style=\"font-size: medium;\">Klapp das untere Rechteck b\u00fcndig nach oben und b\u00fcgel den Stoffbruch:<\/span><\/span><\/p>\n<p><img loading=\"lazy\" decoding=\"async\" class=\"alignnone wp-image-1155 size-large\" src=\"https:\/\/www.jana-zaehl.de\/wp-content\/uploads\/2020\/04\/IMG_20200415_121025-1024x768.jpg\" alt=\"\" width=\"525\" height=\"394\" srcset=\"https:\/\/www.jana-zaehl.de\/wp-content\/uploads\/2020\/04\/IMG_20200415_121025-1024x768.jpg 1024w, https:\/\/www.jana-zaehl.de\/wp-content\/uploads\/2020\/04\/IMG_20200415_121025-300x225.jpg 300w, https:\/\/www.jana-zaehl.de\/wp-content\/uploads\/2020\/04\/IMG_20200415_121025-768x576.jpg 768w, https:\/\/www.jana-zaehl.de\/wp-content\/uploads\/2020\/04\/IMG_20200415_121025-350x263.jpg 350w\" sizes=\"(max-width: 525px) 100vw, 525px\" \/><\/p>\n<p><span style=\"font-family: Arial, sans-serif;\"><span style=\"font-size: medium;\"><b>Schritt 7:<br \/>\n<\/b><\/span><\/span><span style=\"font-family: Arial, sans-serif;\"><span style=\"font-size: medium;\">Filterfach: N\u00e4h die oben \u00fcbereinander gelegten Stofflagen mit geradem Stich zusammen\u00a0aber lass dabei ca 4 cm mittig offen als Filter\u00f6ffnung:<\/span><\/span><\/p>\n<p><img loading=\"lazy\" decoding=\"async\" class=\"alignnone wp-image-1156 size-large\" src=\"https:\/\/www.jana-zaehl.de\/wp-content\/uploads\/2020\/04\/IMG_20200415_121557-1024x768.jpg\" alt=\"\" width=\"525\" height=\"394\" srcset=\"https:\/\/www.jana-zaehl.de\/wp-content\/uploads\/2020\/04\/IMG_20200415_121557-1024x768.jpg 1024w, https:\/\/www.jana-zaehl.de\/wp-content\/uploads\/2020\/04\/IMG_20200415_121557-300x225.jpg 300w, https:\/\/www.jana-zaehl.de\/wp-content\/uploads\/2020\/04\/IMG_20200415_121557-768x576.jpg 768w, https:\/\/www.jana-zaehl.de\/wp-content\/uploads\/2020\/04\/IMG_20200415_121557-350x262.jpg 350w\" sizes=\"(max-width: 525px) 100vw, 525px\" \/><\/p>\n<p><img loading=\"lazy\" decoding=\"async\" class=\"alignnone wp-image-1182 size-large\" src=\"https:\/\/www.jana-zaehl.de\/wp-content\/uploads\/2020\/04\/IMG_20200415_121825-e1587039041476-1024x768.jpg\" alt=\"\" width=\"525\" height=\"394\" srcset=\"https:\/\/www.jana-zaehl.de\/wp-content\/uploads\/2020\/04\/IMG_20200415_121825-e1587039041476-1024x768.jpg 1024w, https:\/\/www.jana-zaehl.de\/wp-content\/uploads\/2020\/04\/IMG_20200415_121825-e1587039041476-300x225.jpg 300w, https:\/\/www.jana-zaehl.de\/wp-content\/uploads\/2020\/04\/IMG_20200415_121825-e1587039041476-768x576.jpg 768w, https:\/\/www.jana-zaehl.de\/wp-content\/uploads\/2020\/04\/IMG_20200415_121825-e1587039041476-350x263.jpg 350w\" sizes=\"(max-width: 525px) 100vw, 525px\" \/><\/p>\n<p><span style=\"font-family: Arial, sans-serif;\"><span style=\"font-size: medium;\"><b>Schritt 8:<br \/>\n<\/b><\/span><\/span>Drahttunnel: Dreh den Stoff so, dass die Filter\u00f6ffnung zu dir zeigt. Schlag den\u00a0 Stoffbruch\u00a0 ca\u00a01 cm nach unten um b\u00fcgele diesen Umschlag platt.\u00a0Probier am besten vorher mit dem Draht wie weit du umschlagen musst. Bedenke dabei, dass du den Umschlag auch noch knapp festn\u00e4hen musst.\u00a0 Wichtig: D<span style=\"font-family: Arial, sans-serif;\"><span style=\"font-size: medium;\">abei l\u00e4sst du seitlich je 6,5 cm offen damit du vor dem Reinigen den Draht entfernen kannst. Solltest du gar keinen Drahttunnel w\u00fcnschen, klapp einfach knapp um und n\u00e4h\u00a0die komplette L\u00e4nge.<\/span><\/span><\/p>\n<p><img loading=\"lazy\" decoding=\"async\" class=\"alignnone wp-image-1163 size-large\" src=\"https:\/\/www.jana-zaehl.de\/wp-content\/uploads\/2020\/04\/IMG_20200415_121955k-1024x768.jpg\" alt=\"\" width=\"525\" height=\"394\" srcset=\"https:\/\/www.jana-zaehl.de\/wp-content\/uploads\/2020\/04\/IMG_20200415_121955k-1024x768.jpg 1024w, https:\/\/www.jana-zaehl.de\/wp-content\/uploads\/2020\/04\/IMG_20200415_121955k-300x225.jpg 300w, https:\/\/www.jana-zaehl.de\/wp-content\/uploads\/2020\/04\/IMG_20200415_121955k-768x576.jpg 768w, https:\/\/www.jana-zaehl.de\/wp-content\/uploads\/2020\/04\/IMG_20200415_121955k-350x262.jpg 350w, https:\/\/www.jana-zaehl.de\/wp-content\/uploads\/2020\/04\/IMG_20200415_121955k.jpg 1633w\" sizes=\"(max-width: 525px) 100vw, 525px\" \/><\/p>\n<p><img loading=\"lazy\" decoding=\"async\" class=\"alignnone wp-image-1161 size-large\" src=\"https:\/\/www.jana-zaehl.de\/wp-content\/uploads\/2020\/04\/IMG_20200415_122334k-1024x768.jpg\" alt=\"\" width=\"525\" height=\"394\" srcset=\"https:\/\/www.jana-zaehl.de\/wp-content\/uploads\/2020\/04\/IMG_20200415_122334k-1024x768.jpg 1024w, https:\/\/www.jana-zaehl.de\/wp-content\/uploads\/2020\/04\/IMG_20200415_122334k-300x225.jpg 300w, https:\/\/www.jana-zaehl.de\/wp-content\/uploads\/2020\/04\/IMG_20200415_122334k-768x576.jpg 768w, https:\/\/www.jana-zaehl.de\/wp-content\/uploads\/2020\/04\/IMG_20200415_122334k-350x263.jpg 350w, https:\/\/www.jana-zaehl.de\/wp-content\/uploads\/2020\/04\/IMG_20200415_122334k.jpg 1632w\" sizes=\"(max-width: 525px) 100vw, 525px\" \/>\u00a0<img loading=\"lazy\" decoding=\"async\" class=\"alignnone wp-image-1162 size-large\" src=\"https:\/\/www.jana-zaehl.de\/wp-content\/uploads\/2020\/04\/IMG_20200415_122525k-1024x814.jpg\" alt=\"\" width=\"525\" height=\"417\" srcset=\"https:\/\/www.jana-zaehl.de\/wp-content\/uploads\/2020\/04\/IMG_20200415_122525k-1024x814.jpg 1024w, https:\/\/www.jana-zaehl.de\/wp-content\/uploads\/2020\/04\/IMG_20200415_122525k-300x238.jpg 300w, https:\/\/www.jana-zaehl.de\/wp-content\/uploads\/2020\/04\/IMG_20200415_122525k-768x610.jpg 768w, https:\/\/www.jana-zaehl.de\/wp-content\/uploads\/2020\/04\/IMG_20200415_122525k-350x278.jpg 350w, https:\/\/www.jana-zaehl.de\/wp-content\/uploads\/2020\/04\/IMG_20200415_122525k.jpg 1586w\" sizes=\"(max-width: 525px) 100vw, 525px\" \/><\/p>\n<p><span style=\"font-family: Arial, sans-serif;\"><span style=\"font-size: medium;\"><b>Schritt 9:<br \/>\n<\/b><\/span><\/span><span style=\"font-family: Arial, sans-serif;\"><span style=\"font-size: medium;\">Dreh den Stoff um, so dass der Drahttunnel nun zu dir zeigt und der breitere Stoff unten liegt. Falte die untere Seite bis knapp zur Mitte hoch:<br \/>\n<\/span><\/span><span style=\"font-family: Arial, sans-serif;\"><span style=\"font-size: medium;\"><br \/>\n<img loading=\"lazy\" decoding=\"async\" class=\"alignnone wp-image-1165 size-large\" src=\"https:\/\/www.jana-zaehl.de\/wp-content\/uploads\/2020\/04\/IMG_20200415_124252K-1024x834.jpg\" alt=\"\" width=\"525\" height=\"428\" srcset=\"https:\/\/www.jana-zaehl.de\/wp-content\/uploads\/2020\/04\/IMG_20200415_124252K-1024x834.jpg 1024w, https:\/\/www.jana-zaehl.de\/wp-content\/uploads\/2020\/04\/IMG_20200415_124252K-300x244.jpg 300w, https:\/\/www.jana-zaehl.de\/wp-content\/uploads\/2020\/04\/IMG_20200415_124252K-768x626.jpg 768w, https:\/\/www.jana-zaehl.de\/wp-content\/uploads\/2020\/04\/IMG_20200415_124252K-350x285.jpg 350w, https:\/\/www.jana-zaehl.de\/wp-content\/uploads\/2020\/04\/IMG_20200415_124252K.jpg 1566w\" sizes=\"(max-width: 525px) 100vw, 525px\" \/><\/span><\/span><\/p>\n<p><span style=\"font-family: Arial, sans-serif;\"><span style=\"font-size: medium;\">Schlage noch einmal hoch:<\/span><\/span><\/p>\n<p><span style=\"font-family: Arial, sans-serif;\"><span style=\"font-size: medium;\"><img loading=\"lazy\" decoding=\"async\" class=\"alignnone wp-image-1166 size-large\" src=\"https:\/\/www.jana-zaehl.de\/wp-content\/uploads\/2020\/04\/IMG_20200415_124305k-1024x768.jpg\" alt=\"\" width=\"525\" height=\"394\" srcset=\"https:\/\/www.jana-zaehl.de\/wp-content\/uploads\/2020\/04\/IMG_20200415_124305k-1024x768.jpg 1024w, https:\/\/www.jana-zaehl.de\/wp-content\/uploads\/2020\/04\/IMG_20200415_124305k-300x225.jpg 300w, https:\/\/www.jana-zaehl.de\/wp-content\/uploads\/2020\/04\/IMG_20200415_124305k-768x576.jpg 768w, https:\/\/www.jana-zaehl.de\/wp-content\/uploads\/2020\/04\/IMG_20200415_124305k-350x263.jpg 350w, https:\/\/www.jana-zaehl.de\/wp-content\/uploads\/2020\/04\/IMG_20200415_124305k.jpg 1632w\" sizes=\"(max-width: 525px) 100vw, 525px\" \/><\/span><\/span><\/p>\n<p><span style=\"font-family: Arial, sans-serif;\"><span style=\"font-size: medium;\">Und noch einmal. Jetzt m\u00fcsstest du beim oberen Rand angekommen sein.<br \/>\nB\u00fcgel alles noch mal kr\u00e4ftig von beiden Seiten damit sch\u00f6ne Falten enstehen:<\/span><\/span><\/p>\n<p><span style=\"font-family: Arial, sans-serif;\"><span style=\"font-size: medium;\"><img loading=\"lazy\" decoding=\"async\" class=\"alignnone wp-image-1168 size-large\" src=\"https:\/\/www.jana-zaehl.de\/wp-content\/uploads\/2020\/04\/IMG_20200415_124317k-1024x768.jpg\" alt=\"\" width=\"525\" height=\"394\" srcset=\"https:\/\/www.jana-zaehl.de\/wp-content\/uploads\/2020\/04\/IMG_20200415_124317k-1024x768.jpg 1024w, https:\/\/www.jana-zaehl.de\/wp-content\/uploads\/2020\/04\/IMG_20200415_124317k-300x225.jpg 300w, https:\/\/www.jana-zaehl.de\/wp-content\/uploads\/2020\/04\/IMG_20200415_124317k-768x576.jpg 768w, https:\/\/www.jana-zaehl.de\/wp-content\/uploads\/2020\/04\/IMG_20200415_124317k-350x263.jpg 350w, https:\/\/www.jana-zaehl.de\/wp-content\/uploads\/2020\/04\/IMG_20200415_124317k.jpg 1632w\" sizes=\"(max-width: 525px) 100vw, 525px\" \/><\/span><\/span><\/p>\n<p><span style=\"font-family: Arial, sans-serif;\"><span style=\"font-size: medium;\"><b>Schritt 10:<br \/>\n<\/b><\/span><\/span><span style=\"font-family: Arial, sans-serif;\"><span style=\"font-size: medium;\">Klapp alles wieder vorsichtig auf und lege den Stoff so hin, dass die drei B\u00fcgelfalten nach oben zeigen und der Drahttunnel zu dir. Klapp die B\u00fcgelfalten nach oben und b\u00fcgele<\/span><\/span><span style=\"font-family: Arial, sans-serif;\"><span style=\"font-size: medium;\">\u00a0diese Falten vorsichtig ohne nat\u00fcrlich die anderen B\u00fcgelfalten flach zu b\u00fcgeln (Beachte, je mehr du die Falten nach oben umschl\u00e4gst, desto kleiner wird deine Maske in der H\u00f6he rechts und links!):<\/span><\/span><\/p>\n<p><span style=\"font-family: Arial, sans-serif;\"><span style=\"font-size: medium;\"><img loading=\"lazy\" decoding=\"async\" class=\"alignnone wp-image-1169 size-large\" src=\"https:\/\/www.jana-zaehl.de\/wp-content\/uploads\/2020\/04\/IMG_20200415_124754k-1024x768.jpg\" alt=\"\" width=\"525\" height=\"394\" srcset=\"https:\/\/www.jana-zaehl.de\/wp-content\/uploads\/2020\/04\/IMG_20200415_124754k-1024x768.jpg 1024w, https:\/\/www.jana-zaehl.de\/wp-content\/uploads\/2020\/04\/IMG_20200415_124754k-300x225.jpg 300w, https:\/\/www.jana-zaehl.de\/wp-content\/uploads\/2020\/04\/IMG_20200415_124754k-768x576.jpg 768w, https:\/\/www.jana-zaehl.de\/wp-content\/uploads\/2020\/04\/IMG_20200415_124754k-350x262.jpg 350w, https:\/\/www.jana-zaehl.de\/wp-content\/uploads\/2020\/04\/IMG_20200415_124754k.jpg 1633w\" sizes=\"(max-width: 525px) 100vw, 525px\" \/><\/span><\/span><\/p>\n<p><span style=\"font-family: Arial, sans-serif;\"><span style=\"font-size: medium;\"><b>Schritt 11:<br \/>\n<\/b><\/span><\/span><span style=\"font-family: Arial, sans-serif;\"><span style=\"font-size: medium;\">Befestigungstunnel: Dreh den Stoff um und b\u00fcgel rechts und links die Seiten nach innen um. Schlag noch mal nach innen ein und b\u00fcgele den Umschlag. Vern\u00e4h den Umschlag nach innen knapp damit deine Kordel oder Gummiband durchpasst:<\/span><\/span><\/p>\n<p><img loading=\"lazy\" decoding=\"async\" class=\"alignnone wp-image-1175 size-large\" src=\"https:\/\/www.jana-zaehl.de\/wp-content\/uploads\/2020\/04\/IMG_20200415_125100k-1024x768.jpg\" alt=\"\" width=\"525\" height=\"394\" srcset=\"https:\/\/www.jana-zaehl.de\/wp-content\/uploads\/2020\/04\/IMG_20200415_125100k-1024x768.jpg 1024w, https:\/\/www.jana-zaehl.de\/wp-content\/uploads\/2020\/04\/IMG_20200415_125100k-300x225.jpg 300w, https:\/\/www.jana-zaehl.de\/wp-content\/uploads\/2020\/04\/IMG_20200415_125100k-768x576.jpg 768w, https:\/\/www.jana-zaehl.de\/wp-content\/uploads\/2020\/04\/IMG_20200415_125100k-350x263.jpg 350w, https:\/\/www.jana-zaehl.de\/wp-content\/uploads\/2020\/04\/IMG_20200415_125100k.jpg 1632w\" sizes=\"(max-width: 525px) 100vw, 525px\" \/><\/p>\n<p><span style=\"font-family: Arial, sans-serif;\"><span style=\"font-size: medium;\"><img loading=\"lazy\" decoding=\"async\" class=\"alignnone wp-image-1170 size-large\" src=\"https:\/\/www.jana-zaehl.de\/wp-content\/uploads\/2020\/04\/IMG_20200415_125232k-1024x768.jpg\" alt=\"\" width=\"525\" height=\"394\" srcset=\"https:\/\/www.jana-zaehl.de\/wp-content\/uploads\/2020\/04\/IMG_20200415_125232k-1024x768.jpg 1024w, https:\/\/www.jana-zaehl.de\/wp-content\/uploads\/2020\/04\/IMG_20200415_125232k-300x225.jpg 300w, https:\/\/www.jana-zaehl.de\/wp-content\/uploads\/2020\/04\/IMG_20200415_125232k-768x576.jpg 768w, https:\/\/www.jana-zaehl.de\/wp-content\/uploads\/2020\/04\/IMG_20200415_125232k-350x263.jpg 350w, https:\/\/www.jana-zaehl.de\/wp-content\/uploads\/2020\/04\/IMG_20200415_125232k.jpg 1632w\" sizes=\"(max-width: 525px) 100vw, 525px\" \/><\/span><\/span><\/p>\n<p><span style=\"font-family: Arial, sans-serif;\"><span style=\"font-size: medium;\"><img loading=\"lazy\" decoding=\"async\" class=\"alignnone wp-image-1171 size-large\" src=\"https:\/\/www.jana-zaehl.de\/wp-content\/uploads\/2020\/04\/IMG_20200415_125854k-1024x768.jpg\" alt=\"\" width=\"525\" height=\"394\" srcset=\"https:\/\/www.jana-zaehl.de\/wp-content\/uploads\/2020\/04\/IMG_20200415_125854k-1024x768.jpg 1024w, https:\/\/www.jana-zaehl.de\/wp-content\/uploads\/2020\/04\/IMG_20200415_125854k-300x225.jpg 300w, https:\/\/www.jana-zaehl.de\/wp-content\/uploads\/2020\/04\/IMG_20200415_125854k-768x576.jpg 768w, https:\/\/www.jana-zaehl.de\/wp-content\/uploads\/2020\/04\/IMG_20200415_125854k-350x263.jpg 350w, https:\/\/www.jana-zaehl.de\/wp-content\/uploads\/2020\/04\/IMG_20200415_125854k.jpg 1632w\" sizes=\"(max-width: 525px) 100vw, 525px\" \/>\u00a0\u00a0<\/span><\/span><\/p>\n<p><span style=\"font-family: Arial, sans-serif;\"><span style=\"font-size: medium;\">Maskenansicht von innen:<br \/>\nRoter Stift: Drahttunnel oben;\u00a0<\/span><\/span><span style=\"font-family: Arial, sans-serif;\"><span style=\"font-size: medium;\">Silber Stift: \u00d6ffnung f\u00fcr Vlies unten;<br \/>\n<\/span><\/span><span style=\"font-family: Arial, sans-serif;\"><span style=\"font-size: medium;\">rechts und links\u00a0Tunnel zum Befestigen.<\/span><\/span><\/p>\n<p><span style=\"font-family: Arial, sans-serif;\"><span style=\"font-size: medium;\"><b>Schritt 12:<br \/>\n<\/b><\/span><\/span><span style=\"font-family: Arial, sans-serif;\"><span style=\"font-size: medium;\">Jetzt musst du dich nur noch entscheiden wie du deine BMNS tragen m\u00f6chtest. Kordel oder Gummi?\u00a0<\/span><\/span><\/p>\n<p><img loading=\"lazy\" decoding=\"async\" class=\"alignnone wp-image-1259 size-large\" src=\"https:\/\/www.jana-zaehl.de\/wp-content\/uploads\/2020\/04\/M\u00e4nnermundschutz-Frauenmundschutz-Kindermundschutz-1024x768.jpg\" alt=\"\" width=\"525\" height=\"394\" srcset=\"https:\/\/www.jana-zaehl.de\/wp-content\/uploads\/2020\/04\/M\u00e4nnermundschutz-Frauenmundschutz-Kindermundschutz-1024x768.jpg 1024w, https:\/\/www.jana-zaehl.de\/wp-content\/uploads\/2020\/04\/M\u00e4nnermundschutz-Frauenmundschutz-Kindermundschutz-300x225.jpg 300w, https:\/\/www.jana-zaehl.de\/wp-content\/uploads\/2020\/04\/M\u00e4nnermundschutz-Frauenmundschutz-Kindermundschutz-768x576.jpg 768w, https:\/\/www.jana-zaehl.de\/wp-content\/uploads\/2020\/04\/M\u00e4nnermundschutz-Frauenmundschutz-Kindermundschutz-350x263.jpg 350w\" sizes=\"(max-width: 525px) 100vw, 525px\" \/><\/p>\n<p><span style=\"font-family: Arial, sans-serif;\"><span style=\"font-size: medium;\"><img loading=\"lazy\" decoding=\"async\" class=\"alignnone wp-image-1258 size-large\" src=\"https:\/\/www.jana-zaehl.de\/wp-content\/uploads\/2020\/04\/Individuelle-Gestalung-Mundschutz-1024x768.jpg\" alt=\"\" width=\"525\" height=\"394\" srcset=\"https:\/\/www.jana-zaehl.de\/wp-content\/uploads\/2020\/04\/Individuelle-Gestalung-Mundschutz-1024x768.jpg 1024w, https:\/\/www.jana-zaehl.de\/wp-content\/uploads\/2020\/04\/Individuelle-Gestalung-Mundschutz-300x225.jpg 300w, https:\/\/www.jana-zaehl.de\/wp-content\/uploads\/2020\/04\/Individuelle-Gestalung-Mundschutz-768x576.jpg 768w, https:\/\/www.jana-zaehl.de\/wp-content\/uploads\/2020\/04\/Individuelle-Gestalung-Mundschutz-350x263.jpg 350w\" sizes=\"(max-width: 525px) 100vw, 525px\" \/><br \/>\n<\/span><\/span><\/p>\n<p>Ich hoffe du kamst mit meiner Anleitung gut parat und hattest Freude beim n\u00e4hen.<\/p>\n<p>Bleib gesund und munter<br \/>\nKreative Gr\u00fc\u00dfe<\/p>\n<p><img loading=\"lazy\" decoding=\"async\" class=\"alignnone size-medium wp-image-1109\" src=\"https:\/\/www.jana-zaehl.de\/wp-content\/uploads\/2017\/06\/Schriftzug-zottelmama-Jana-Z\u00e4hl-blacksword-300x47.png\" alt=\"\" width=\"300\" height=\"47\" srcset=\"https:\/\/www.jana-zaehl.de\/wp-content\/uploads\/2017\/06\/Schriftzug-zottelmama-Jana-Z\u00e4hl-blacksword-300x47.png 300w, https:\/\/www.jana-zaehl.de\/wp-content\/uploads\/2017\/06\/Schriftzug-zottelmama-Jana-Z\u00e4hl-blacksword-350x55.png 350w, https:\/\/www.jana-zaehl.de\/wp-content\/uploads\/2017\/06\/Schriftzug-zottelmama-Jana-Z\u00e4hl-blacksword-768x120.png 768w, https:\/\/www.jana-zaehl.de\/wp-content\/uploads\/2017\/06\/Schriftzug-zottelmama-Jana-Z\u00e4hl-blacksword-1024x161.png 1024w\" sizes=\"(max-width: 300px) 100vw, 300px\" \/><img loading=\"lazy\" decoding=\"async\" class=\"alignnone size-medium wp-image-1111\" src=\"https:\/\/www.jana-zaehl.de\/wp-content\/uploads\/2017\/06\/Logo-wei\u00df-300x272.png\" alt=\"\" width=\"300\" height=\"272\" srcset=\"https:\/\/www.jana-zaehl.de\/wp-content\/uploads\/2017\/06\/Logo-wei\u00df-300x272.png 300w, https:\/\/www.jana-zaehl.de\/wp-content\/uploads\/2017\/06\/Logo-wei\u00df-350x318.png 350w, https:\/\/www.jana-zaehl.de\/wp-content\/uploads\/2017\/06\/Logo-wei\u00df-768x697.png 768w, https:\/\/www.jana-zaehl.de\/wp-content\/uploads\/2017\/06\/Logo-wei\u00df-1024x930.png 1024w\" sizes=\"(max-width: 300px) 100vw, 300px\" \/><\/p>\n<p>Bitte schick mir keine Anfragen ob ich welche f\u00fcr dich n\u00e4he.<br \/>\nAus gesundheitlichen Gr\u00fcnden ist mein Gewerbe derzeit nicht aktiv.<\/p>\n","protected":false},"excerpt":{"rendered":"<p>Wenn du ein bisschen n\u00e4hen kannst, dann lass die medizinischen Masken denen, die sie wirklich brauchen und n\u00e4h dir deine eigene Falten-BMNS! Dazu brauchst du nicht viel au\u00dfer einer N\u00e4hmaschine, B\u00fcgeleisen, Stoffrest und ein wenig Geschick. Selbst gen\u00e4hte Masken sehen nat\u00fcrlich auch viel freundlicher aus und lassen sich auch stylisch gestalten.\u00a0 Wie w\u00e4re es zum &hellip; <\/p>\n<p class=\"link-more\"><a href=\"https:\/\/www.jana-zaehl.de\/?p=1193\" class=\"more-link\"><span class=\"screen-reader-text\">\u201eEinfache N\u00e4hanleitung f\u00fcr eine Behelfs-Mund-Nasen-Schutz (BMNS) mit Drahttunnelfach &#038; Filterfach in verschiedenen Gr\u00f6\u00dfen\u201c<\/span> weiterlesen<\/a><\/p>\n","protected":false},"author":2,"featured_media":1258,"comment_status":"closed","ping_status":"open","sticky":false,"template":"","format":"standard","meta":{"jetpack_post_was_ever_published":false,"_jetpack_newsletter_access":"","_jetpack_dont_email_post_to_subs":false,"_jetpack_newsletter_tier_id":0,"_jetpack_memberships_contains_paywalled_content":false,"_jetpack_memberships_contains_paid_content":false,"footnotes":"","jetpack_publicize_message":"","jetpack_publicize_feature_enabled":true,"jetpack_social_post_already_shared":true,"jetpack_social_options":{"image_generator_settings":{"template":"highway","enabled":false},"version":2}},"categories":[1],"tags":[108,142,138,139,125,121,137,123,145,34,151,150,152,124,134,141,126,37,136,33,43,65],"class_list":["post-1193","post","type-post","status-publish","format-standard","has-post-thumbnail","hentry","category-allgemein","tag-anleitung","tag-art","tag-behelfsmaske","tag-behelfsmaskenaehen","tag-bilderanleitung","tag-bmns","tag-buegeltrick","tag-corona","tag-covid19","tag-diy","tag-kindermaske","tag-maske","tag-maskengroessen","tag-nachhaltigkeit","tag-naehanleitung","tag-naehmaschine","tag-schnittmuster","tag-sewing","tag-stoff","tag-unikat","tag-upcycling","tag-zottelmama"],"jetpack_publicize_connections":[],"jetpack_featured_media_url":"https:\/\/www.jana-zaehl.de\/wp-content\/uploads\/2020\/04\/Individuelle-Gestalung-Mundschutz.jpg","jetpack_sharing_enabled":true,"jetpack_shortlink":"https:\/\/wp.me\/p8NTZC-jf","_links":{"self":[{"href":"https:\/\/www.jana-zaehl.de\/index.php?rest_route=\/wp\/v2\/posts\/1193"}],"collection":[{"href":"https:\/\/www.jana-zaehl.de\/index.php?rest_route=\/wp\/v2\/posts"}],"about":[{"href":"https:\/\/www.jana-zaehl.de\/index.php?rest_route=\/wp\/v2\/types\/post"}],"author":[{"embeddable":true,"href":"https:\/\/www.jana-zaehl.de\/index.php?rest_route=\/wp\/v2\/users\/2"}],"replies":[{"embeddable":true,"href":"https:\/\/www.jana-zaehl.de\/index.php?rest_route=%2Fwp%2Fv2%2Fcomments&post=1193"}],"version-history":[{"count":27,"href":"https:\/\/www.jana-zaehl.de\/index.php?rest_route=\/wp\/v2\/posts\/1193\/revisions"}],"predecessor-version":[{"id":1275,"href":"https:\/\/www.jana-zaehl.de\/index.php?rest_route=\/wp\/v2\/posts\/1193\/revisions\/1275"}],"wp:featuredmedia":[{"embeddable":true,"href":"https:\/\/www.jana-zaehl.de\/index.php?rest_route=\/wp\/v2\/media\/1258"}],"wp:attachment":[{"href":"https:\/\/www.jana-zaehl.de\/index.php?rest_route=%2Fwp%2Fv2%2Fmedia&parent=1193"}],"wp:term":[{"taxonomy":"category","embeddable":true,"href":"https:\/\/www.jana-zaehl.de\/index.php?rest_route=%2Fwp%2Fv2%2Fcategories&post=1193"},{"taxonomy":"post_tag","embeddable":true,"href":"https:\/\/www.jana-zaehl.de\/index.php?rest_route=%2Fwp%2Fv2%2Ftags&post=1193"}],"curies":[{"name":"wp","href":"https:\/\/api.w.org\/{rel}","templated":true}]}}